

{"id":1176,"date":"2023-05-15T15:19:02","date_gmt":"2023-05-15T13:19:02","guid":{"rendered":"https:\/\/pepr-defmal.loria.fr\/?p=1176"},"modified":"2024-01-18T09:42:37","modified_gmt":"2024-01-18T08:42:37","slug":"cyberattaques-la-menace-invisible","status":"publish","type":"post","link":"https:\/\/pepr-defmal.loria.fr\/fr\/cyberattaques-la-menace-invisible\/","title":{"rendered":"Cyberattaques : la menace invisible &#8211; Participation de Jean-Yves Marion, responsable scientifique DefMal au Dimanche en politique &#8211; Grand Est, France TV."},"content":{"rendered":"<div class=\"wp-block-image\"><figure class=\"alignright is-resized\"><img loading=\"lazy\" decoding=\"async\" src=\"https:\/\/pepr-defmal.loria.fr\/files\/2023\/05\/Capture-decran-165-1024x676.png\" alt=\"\" class=\"wp-image-1178\" width=\"215\" height=\"142\" srcset=\"https:\/\/pepr-defmal.loria.fr\/files\/2023\/05\/Capture-decran-165-1024x676.png 1024w, https:\/\/pepr-defmal.loria.fr\/files\/2023\/05\/Capture-decran-165-300x198.png 300w, https:\/\/pepr-defmal.loria.fr\/files\/2023\/05\/Capture-decran-165-768x507.png 768w, https:\/\/pepr-defmal.loria.fr\/files\/2023\/05\/Capture-decran-165-150x99.png 150w, https:\/\/pepr-defmal.loria.fr\/files\/2023\/05\/Capture-decran-165.png 1171w\" sizes=\"auto, (max-width: 215px) 100vw, 215px\" \/><\/figure><\/div>\n\n\n\n<p class=\"has-text-color has-very-dark-gray-color\"> Les attaques informatiques sont de plus en plus nombreuses et   repr\u00e9sentent un grand danger pour les collectivit\u00e9s, les associations ou   les petites entreprises. Certaines ne s&rsquo;en remettent d&rsquo;ailleurs  jamais.  Pour r\u00e9pondre aux cyberattaques dans le Grand Est, la R\u00e9gion  vient de  mettre en place une plate-forme destin\u00e9e \u00e0 accompagner les  victimes et \u00e0  les guider dans leurs d\u00e9marches. Comment lutter  efficacement contre  cette menace souvent invisible ? Quelles le\u00e7ons en  ont tir\u00e9 ceux qui ont  \u00e9t\u00e9 impact\u00e9s ? Pour en parler, Lodo\u00efs Gravel a  re\u00e7u le dimanche 30 avril, Ir\u00e8ne Weiss, conseill\u00e8re r\u00e9gionale d\u00e9l\u00e9gu\u00e9e \u00e0  la cybers\u00e9curit\u00e9;  Jean-Yves Marion, directeur du Laboratoire Lorrain  de Recherche en  informatique et ses Applications; Vincent Paul-Petit,  ancien dirigeant  de Clestra Hauserman et Frederic Lutz, directeur  g\u00e9n\u00e9ral adjoint du  groupement hospitalier de territoire Coeur Grand Est  .<\/p>\n\n\n\n<div class=\"wp-block-button aligncenter\"><a class=\"wp-block-button__link has-background\" href=\"https:\/\/www.france.tv\/france-3\/grand-est\/dimanche-en-politique-grand-est\/4882000-cyberattaques-la-menace-invisible.html\" style=\"background-color:#000091\">Interview compl\u00e8te<\/a><\/div>","protected":false},"excerpt":{"rendered":"<p>Les attaques informatiques sont de plus en plus nombreuses et repr\u00e9sentent un grand danger pour les collectivit\u00e9s, les associations ou les petites entreprises. Certaines ne s&rsquo;en remettent d&rsquo;ailleurs jamais. Pour r\u00e9pondre aux cyberattaques dans le Grand Est, la R\u00e9gion vient de mettre en place une plate-forme destin\u00e9e \u00e0 accompagner les\u2026<\/p>\n<p> <a class=\"continue-reading-link\" href=\"https:\/\/pepr-defmal.loria.fr\/fr\/cyberattaques-la-menace-invisible\/\"><span>en savoir+<\/span><i class=\"crycon-right-dir\"><\/i><\/a> <\/p>\n","protected":false},"author":1990,"featured_media":0,"comment_status":"closed","ping_status":"closed","sticky":false,"template":"","format":"image","meta":{"footnotes":""},"categories":[1,11],"tags":[],"class_list":["post-1176","post","type-post","status-publish","format-image","hentry","category-cybersecurity-loria","category-news","post_format-post-format-image"],"_links":{"self":[{"href":"https:\/\/pepr-defmal.loria.fr\/fr\/wp-json\/wp\/v2\/posts\/1176","targetHints":{"allow":["GET"]}}],"collection":[{"href":"https:\/\/pepr-defmal.loria.fr\/fr\/wp-json\/wp\/v2\/posts"}],"about":[{"href":"https:\/\/pepr-defmal.loria.fr\/fr\/wp-json\/wp\/v2\/types\/post"}],"author":[{"embeddable":true,"href":"https:\/\/pepr-defmal.loria.fr\/fr\/wp-json\/wp\/v2\/users\/1990"}],"replies":[{"embeddable":true,"href":"https:\/\/pepr-defmal.loria.fr\/fr\/wp-json\/wp\/v2\/comments?post=1176"}],"version-history":[{"count":8,"href":"https:\/\/pepr-defmal.loria.fr\/fr\/wp-json\/wp\/v2\/posts\/1176\/revisions"}],"predecessor-version":[{"id":1633,"href":"https:\/\/pepr-defmal.loria.fr\/fr\/wp-json\/wp\/v2\/posts\/1176\/revisions\/1633"}],"wp:attachment":[{"href":"https:\/\/pepr-defmal.loria.fr\/fr\/wp-json\/wp\/v2\/media?parent=1176"}],"wp:term":[{"taxonomy":"category","embeddable":true,"href":"https:\/\/pepr-defmal.loria.fr\/fr\/wp-json\/wp\/v2\/categories?post=1176"},{"taxonomy":"post_tag","embeddable":true,"href":"https:\/\/pepr-defmal.loria.fr\/fr\/wp-json\/wp\/v2\/tags?post=1176"}],"curies":[{"name":"wp","href":"https:\/\/api.w.org\/{rel}","templated":true}]}}